{"id":2714,"date":"2025-03-19T14:08:39","date_gmt":"2025-03-19T14:08:39","guid":{"rendered":"https:\/\/www.ciee.unlp.edu.ar\/?p=2714"},"modified":"2025-03-20T12:12:10","modified_gmt":"2025-03-20T12:12:10","slug":"2714","status":"publish","type":"post","link":"https:\/\/www.ciee.unlp.edu.ar\/?p=2714","title":{"rendered":""},"content":{"rendered":"<h2><span style=\"color: #0000ff\"><a style=\"color: #0000ff\" href=\"#ingles\"><strong>-English version below-<\/strong><\/a><\/span><\/h2>\n<p><span style=\"font-weight: 400\">El <\/span><i><span style=\"font-weight: 400\">Centro Interdisciplinario de Estudios Espaciales (CIEE)<\/span><\/i><span style=\"font-weight: 400\"> y la <\/span><i><span style=\"font-weight: 400\">Facultad de Derecho de la Universidad de Oslo (UiO)<\/span><\/i><span style=\"font-weight: 400\"> tienen el agrado de invitarte al webinario: <\/span><b><i>\u201cTan cerca, tan lejos: perspectivas del derecho espacial desde Argentina y Noruega\u201d<\/i><\/b><i><span style=\"font-weight: 400\">.<\/span><\/i><\/p>\n<p><b>Fecha:<\/b><span style=\"font-weight: 400\"> Jueves 27 de marzo de 2025<\/span><span style=\"font-weight: 400\"><br \/>\n<\/span><b>Hora:<\/b><span style=\"font-weight: 400\"> 11:00 a 12.30 (Buenos Aires, Argentina) \/ 15:00 a 16.30 (Oslo, Noruega)<\/span><span style=\"font-weight: 400\"><br \/>\n<\/span><b>Plataforma:<\/b><span style=\"font-weight: 400\"> Virtual (recibir\u00e1s el link luego de la inscripci\u00f3n)<\/span><span style=\"font-weight: 400\"><br \/>\n<\/span><b>Idioma:<\/b><span style=\"font-weight: 400\"> Ingl\u00e9s (subt\u00edtulos en espa\u00f1ol)<\/span><\/p>\n<p><span style=\"font-weight: 400\">Este panel de discusi\u00f3n reunir\u00e1 a expertos de organizaciones civiles, comerciales y gubernamentales para abordar la importancia de la cooperaci\u00f3n internacional en la exploraci\u00f3n espacial.<\/span><span style=\"font-weight: 400\"><br \/>\n<\/span><span style=\"font-weight: 400\"> La conversaci\u00f3n se centrar\u00e1 en los desaf\u00edos actuales de las actividades espaciales y la sostenibilidad, as\u00ed como en el rol de las normas, reglas y principios para garantizar que el espacio ultraterrestre siga siendo un \u00e1mbito pac\u00edfico y accesible.<\/span><span style=\"font-weight: 400\"><br \/>\n<\/span><span style=\"font-weight: 400\"> El evento busca fomentar un di\u00e1logo bilateral entre Argentina y Noruega en temas espaciales, destacando similitudes e intereses compartidos en sus respectivos sectores espaciales, a pesar de sus diferencias geogr\u00e1ficas y econ\u00f3micas.<\/span><\/p>\n<p><b>\u00bfPor qu\u00e9 Argentina y Noruega?<\/b><\/p>\n<p><span style=\"font-weight: 400\">A primera vista, Argentina y Noruega pueden parecer pa\u00edses poco relacionados en materia de actividades espaciales. Sin embargo, un an\u00e1lisis detallado muestra que comparten posiciones geogr\u00e1ficas estrat\u00e9gicas, cruciales para el tr\u00e1fico de sat\u00e9lites en \u00f3rbita terrestre baja (LEO), lo que los convierte en actores clave en las operaciones espaciales y la sostenibilidad.<\/span><span style=\"font-weight: 400\"><br \/>\n<\/span><span style=\"font-weight: 400\">A su vez, ambas naciones han firmado acuerdos de cooperaci\u00f3n bilateral y comparten intereses en derecho espacial, sostenibilidad y desarrollo tecnol\u00f3gico.<br \/>\n<\/span><span style=\"font-weight: 400\"><br \/>\n<\/span><span style=\"font-weight: 400\"> Este webinario ofrece una plataforma para debatir desaf\u00edos y oportunidades comunes, abriendo el camino hacia una mayor colaboraci\u00f3n acad\u00e9mica, intercambio profesional y posibles iniciativas conjuntas de investigaci\u00f3n.<\/span><\/p>\n<p><span style=\"font-weight: 400\">Este evento es <\/span><b>abierto y gratuito<\/b><span style=\"font-weight: 400\">. Por favor, inscr\u00edbete <\/span><span style=\"color: #ff0000\"><strong><a style=\"color: #ff0000\" href=\"https:\/\/forms.gle\/A6FkV1k2kFtSoGJ5A\">aqu\u00ed<\/a><\/strong><\/span><span style=\"font-weight: 400\"> para obtener el link al webinario y recibir m\u00e1s detalles sobre el evento.<\/span><\/p>\n<h2><span style=\"font-weight: 400\">\u00a0<\/span><b>Programa<\/b><\/h2>\n<p><span style=\"font-weight: 400\">\ud83d\udd39 <\/span><b>Palabras de apertura<\/b><\/p>\n<h1><b>Panel 1: Sectores Espaciales de Noruega y Argentina<\/b><\/h1>\n<table style=\"height: 1258px\" width=\"742\">\n<tbody>\n<tr>\n<td width=\"432\"><img fetchpriority=\"high\" decoding=\"async\" class=\" wp-image-2720 aligncenter\" src=\"https:\/\/www.ciee.unlp.edu.ar\/wp-content\/uploads\/sites\/47\/2025\/03\/Gunnar-Heloe--209x300.png\" alt=\"\" width=\"222\" height=\"319\" srcset=\"https:\/\/www.ciee.unlp.edu.ar\/wp-content\/uploads\/sites\/47\/2025\/03\/Gunnar-Heloe--209x300.png 209w, https:\/\/www.ciee.unlp.edu.ar\/wp-content\/uploads\/sites\/47\/2025\/03\/Gunnar-Heloe--713x1024.png 713w, https:\/\/www.ciee.unlp.edu.ar\/wp-content\/uploads\/sites\/47\/2025\/03\/Gunnar-Heloe--768x1103.png 768w, https:\/\/www.ciee.unlp.edu.ar\/wp-content\/uploads\/sites\/47\/2025\/03\/Gunnar-Heloe-.png 845w\" sizes=\"(max-width: 222px) 100vw, 222px\" \/><\/td>\n<td width=\"432\"><strong>Gunnar HEL\u00d8E<\/strong> Tiene una larga y variada carrera en la Marina Real de Noruega. Ha navegado como comandante y comandante de escuadr\u00f3n de lanchas misil\u00edsticas torpederas (MTBs), y cuenta con una amplia experiencia tanto nacional como internacional. Es Master of Science por el Royal Naval Engineering College del Reino Unido y egresado del Canadian Forces&#8217; College. Entre 2001 y 2004 fue Secretario de Estado (Viceministro) en el Ministerio de Defensa de Noruega y posteriormente ocup\u00f3 otros cargos en dicho Ministerio. Fue agregado de defensa en la embajada de Noruega en Estocolmo de 2004 a 2008, y en Mosc\u00fa de 2015 a 2019. Se retir\u00f3 del servicio militar en 2019 con el rango de Comodoro (Flotilla Admiral). Gunnar asumi\u00f3 el cargo de Director de NIFRO en 2021.<\/td>\n<\/tr>\n<tr>\n<td width=\"432\"><img decoding=\"async\" class=\" wp-image-2718 aligncenter\" src=\"https:\/\/www.ciee.unlp.edu.ar\/wp-content\/uploads\/sites\/47\/2025\/03\/Christoffer-3-1-281x300.jpg\" alt=\"\" width=\"241\" height=\"257\" srcset=\"https:\/\/www.ciee.unlp.edu.ar\/wp-content\/uploads\/sites\/47\/2025\/03\/Christoffer-3-1-281x300.jpg 281w, https:\/\/www.ciee.unlp.edu.ar\/wp-content\/uploads\/sites\/47\/2025\/03\/Christoffer-3-1-960x1024.jpg 960w, https:\/\/www.ciee.unlp.edu.ar\/wp-content\/uploads\/sites\/47\/2025\/03\/Christoffer-3-1-768x820.jpg 768w, https:\/\/www.ciee.unlp.edu.ar\/wp-content\/uploads\/sites\/47\/2025\/03\/Christoffer-3-1-1439x1536.jpg 1439w, https:\/\/www.ciee.unlp.edu.ar\/wp-content\/uploads\/sites\/47\/2025\/03\/Christoffer-3-1-1919x2048.jpg 1919w, https:\/\/www.ciee.unlp.edu.ar\/wp-content\/uploads\/sites\/47\/2025\/03\/Christoffer-3-1.jpg 1922w\" sizes=\"(max-width: 241px) 100vw, 241px\" \/><\/td>\n<td width=\"432\"><strong>Christoffer SKARLE <\/strong>Primer Secretario y Jefe Adjunto de Misi\u00f3n de la Real Embajada de Noruega en Buenos Aires.<br \/>\nTras graduarse como abogado en la Universidad de Oslo (2012), se desempe\u00f1\u00f3 como asesor jur\u00eddico del Estado Mayor, fiscal adjunto en el Ministerio P\u00fablico y juez suplente en el Tribunal de Distrito de Oslo. Entre 2015 y 2020 trabaj\u00f3 como asesor jur\u00eddico en el Ministerio de Justicia (Direcci\u00f3n General de Pol\u00edtica Legislativa) y en el Ministerio de Defensa (Direcci\u00f3n General de Pol\u00edtica de Seguridad). Ingres\u00f3 en la carrera diplom\u00e1tica en 2020. Antes de su actual destino, trabaj\u00f3 en la Asesor\u00eda Jur\u00eddica y en la Direcci\u00f3n General de Asuntos Regionales del Ministerio de Asuntos Exteriores de Noruega.<\/td>\n<\/tr>\n<tr>\n<td width=\"432\"><img decoding=\"async\" class=\" wp-image-2724 aligncenter\" src=\"https:\/\/www.ciee.unlp.edu.ar\/wp-content\/uploads\/sites\/47\/2025\/03\/WhatsApp-Image-2025-03-06-at-12.03.16-248x300.jpeg\" alt=\"\" width=\"235\" height=\"284\" srcset=\"https:\/\/www.ciee.unlp.edu.ar\/wp-content\/uploads\/sites\/47\/2025\/03\/WhatsApp-Image-2025-03-06-at-12.03.16-248x300.jpeg 248w, https:\/\/www.ciee.unlp.edu.ar\/wp-content\/uploads\/sites\/47\/2025\/03\/WhatsApp-Image-2025-03-06-at-12.03.16.jpeg 454w\" sizes=\"(max-width: 235px) 100vw, 235px\" \/><\/td>\n<td width=\"432\"><strong>Leonardo COMES PENALVA<\/strong>Es un experimentado gerente de tecnolog\u00eda con una s\u00f3lida trayectoria en operaciones de segmento terreno satelital, telecomunicaciones e infraestructura de tecnolog\u00eda espacial.<br \/>\nActualmente lidera el Departamento de Tecnolog\u00eda de la Comisi\u00f3n Nacional de Actividades Espaciales (CONAE), la agencia espacial argentina, y es Vicepresidente del Directorio de VENG, una empresa tecnol\u00f3gica. A lo largo de su carrera, que comenz\u00f3 como ingeniero de segmento terreno y lo llev\u00f3 a la gesti\u00f3n tecnol\u00f3gica, ha trabajado en operaciones satelitales, sistemas de RF y la implementaci\u00f3n de estaciones terrenas. Ha desempe\u00f1ado un rol clave en proyectos como el despliegue de estaciones de control satelital en Tierra del Fuego y en futuras infraestructuras en la Ant\u00e1rtida y el norte argentino. Tambi\u00e9n ha colaborado con agencias espaciales como NASA, ESA, ASI y la Agencia Espacial Noruega.<\/td>\n<\/tr>\n<tr>\n<td colspan=\"2\" width=\"863\">\n<p style=\"text-align: center\"><strong>MODERATOR<\/strong><\/p>\n<\/td>\n<\/tr>\n<tr>\n<td width=\"432\"><img loading=\"lazy\" decoding=\"async\" class=\" wp-image-2728 aligncenter\" src=\"https:\/\/www.ciee.unlp.edu.ar\/wp-content\/uploads\/sites\/47\/2025\/03\/Vincent-213x300.png\" alt=\"\" width=\"227\" height=\"320\" srcset=\"https:\/\/www.ciee.unlp.edu.ar\/wp-content\/uploads\/sites\/47\/2025\/03\/Vincent-213x300.png 213w, https:\/\/www.ciee.unlp.edu.ar\/wp-content\/uploads\/sites\/47\/2025\/03\/Vincent-728x1024.png 728w, https:\/\/www.ciee.unlp.edu.ar\/wp-content\/uploads\/sites\/47\/2025\/03\/Vincent-768x1080.png 768w, https:\/\/www.ciee.unlp.edu.ar\/wp-content\/uploads\/sites\/47\/2025\/03\/Vincent.png 781w\" sizes=\"(max-width: 227px) 100vw, 227px\" \/><\/td>\n<td width=\"432\"><strong>Vincent <\/strong><strong>SEFFINGA<\/strong> Es investigador en el Departamento de Filosof\u00eda, Cl\u00e1sicos e Historia del Arte y las Ideas (IFIKK) de la Universidad de Oslo, donde trabaja en el proyecto \u2018Dynamic Territory\u2019. La investigaci\u00f3n de Vincent se centra en un enfoque cr\u00edtico del derecho internacional p\u00fablico, en particular en las \u00e1reas de gobernanza de los bienes comunes globales, derecho espacial internacional y derecho y tecnolog\u00eda. Antes de ocupar su posici\u00f3n actual, Vincent obtuvo su doctorado en el Instituto Universitario Europeo (EUI) de Florencia, Italia, en 2024. Su tesis, titulada \u2018(In)evitable Tragedy: The Difficulty in Realising Outer Space Governance\u2019, examin\u00f3 los problemas estructurales que dificultan una gobernanza igualitaria y sostenible del espacio ultraterrestre. Vincent tambi\u00e9n trabaj\u00f3 en el Instituto Europeo de Pol\u00edtica Espacial (ESPI), donde coescribi\u00f3 y coedit\u00f3 (junto a Annette Froehlich) los libros National Space Legislation: A Comparative and Evaluative Analysis (Springer, 2018) y The United Nations and Space Security: Conflicting Mandates between UNCOPUOS and the CD (Springer, 2020).<\/td>\n<\/tr>\n<\/tbody>\n<\/table>\n<h1><b>Panel 2: Derecho y Pol\u00edtica Espacial en Argentina y Noruega<\/b><\/h1>\n<table>\n<tbody>\n<tr>\n<td width=\"432\"><img loading=\"lazy\" decoding=\"async\" class=\" wp-image-2734 aligncenter\" src=\"https:\/\/www.ciee.unlp.edu.ar\/wp-content\/uploads\/sites\/47\/2025\/03\/images.jpeg\" alt=\"\" width=\"222\" height=\"166\" \/><\/td>\n<td width=\"432\"><strong><strong>Dag GUSTAFSON <\/strong><\/strong>posee t\u00edtulos universitarios en historia, ciencias pol\u00edticas y derecho de universidades de Estados Unidos y el Reino Unido, adem\u00e1s de estudios complementarios en Noruega y B\u00e9lgica. Tiene experiencia tanto en el sector privado como en la administraci\u00f3n p\u00fablica, trabajando en temas relacionados con refugiados, navegaci\u00f3n, derecho internacional, telecomunicaciones, pol\u00edticas de investigaci\u00f3n e innovaci\u00f3n, as\u00ed como en el \u00e1mbito espacial. Ha participado en foros representando a Noruega ante la ONU, la UE, la EFTA y la OCDE, adem\u00e1s de llevar adelante una amplia cooperaci\u00f3n bilateral con otros pa\u00edses.<\/td>\n<\/tr>\n<tr>\n<td width=\"432\"><img loading=\"lazy\" decoding=\"async\" class=\" wp-image-2722 aligncenter\" src=\"https:\/\/www.ciee.unlp.edu.ar\/wp-content\/uploads\/sites\/47\/2025\/03\/Irina-Fodchenko-212x300.jpg\" alt=\"\" width=\"203\" height=\"287\" srcset=\"https:\/\/www.ciee.unlp.edu.ar\/wp-content\/uploads\/sites\/47\/2025\/03\/Irina-Fodchenko-212x300.jpg 212w, https:\/\/www.ciee.unlp.edu.ar\/wp-content\/uploads\/sites\/47\/2025\/03\/Irina-Fodchenko.jpg 352w\" sizes=\"(max-width: 203px) 100vw, 203px\" \/><\/td>\n<td width=\"432\"><strong>Irina FODCHENKO <\/strong>es una abogada de la industria con doble habilitaci\u00f3n profesional en el estudio jur\u00eddico Advokatfirmaet Schj\u00f8dt, con amplia experiencia en m\u00faltiples sistemas jur\u00eddicos y culturas empresariales.<br \/>\nSus principales \u00e1reas de trabajo incluyen el derecho de la energ\u00eda y el asesoramiento en cumplimiento normativo, incluidas las sanciones internacionales y los reg\u00edmenes de control de exportaciones. Es doctora por la Universidad de Oslo, donde investig\u00f3 c\u00f3mo diferentes culturas jur\u00eddicas nacionales moldean los reg\u00edmenes de licencias, seguridad y medio ambiente para las operaciones de petr\u00f3leo offshore. Fodchenko participa activamente en la investigaci\u00f3n acad\u00e9mica y en debates de pol\u00edticas p\u00fablicas, con un enfoque particular en el derecho comparado y sus implicancias para la cooperaci\u00f3n regulatoria transfronteriza.<\/td>\n<\/tr>\n<tr>\n<td width=\"432\"><img loading=\"lazy\" decoding=\"async\" class=\" wp-image-2726 aligncenter\" src=\"https:\/\/www.ciee.unlp.edu.ar\/wp-content\/uploads\/sites\/47\/2025\/03\/Gonzalez-Allonca-286x300.jpg\" alt=\"\" width=\"256\" height=\"269\" srcset=\"https:\/\/www.ciee.unlp.edu.ar\/wp-content\/uploads\/sites\/47\/2025\/03\/Gonzalez-Allonca-286x300.jpg 286w, https:\/\/www.ciee.unlp.edu.ar\/wp-content\/uploads\/sites\/47\/2025\/03\/Gonzalez-Allonca-976x1024.jpg 976w, https:\/\/www.ciee.unlp.edu.ar\/wp-content\/uploads\/sites\/47\/2025\/03\/Gonzalez-Allonca-768x806.jpg 768w, https:\/\/www.ciee.unlp.edu.ar\/wp-content\/uploads\/sites\/47\/2025\/03\/Gonzalez-Allonca-1464x1536.jpg 1464w, https:\/\/www.ciee.unlp.edu.ar\/wp-content\/uploads\/sites\/47\/2025\/03\/Gonzalez-Allonca.jpg 1551w\" sizes=\"(max-width: 256px) 100vw, 256px\" \/><\/td>\n<td width=\"432\"><strong>Juan Cruz GONZ\u00c1LEZ ALLONCA <\/strong>es abogado especializado en derecho espacial, graduado de la Universidad de Buenos Aires (UBA), y posee una maestr\u00eda en ingenier\u00eda de sistemas de la Universidad Tecnol\u00f3gica Nacional (UTN). Actualmente se desempe\u00f1a como Director del Centro Interdisciplinario de Estudios Espaciales (CIEE). Ha sido miembro del directorio de la Comisi\u00f3n Nacional de Actividades Espaciales (CONAE) y Vicepresidente de la empresa VENG. Adem\u00e1s, es profesor e investigador en el Departamento de Ingenier\u00eda Aeroespacial de la Facultad de Ingenier\u00eda de la Universidad Nacional de La Plata (UNLP). Tambi\u00e9n es orador TEDx y ha contribuido con diversos art\u00edculos de divulgaci\u00f3n sobre derecho y pol\u00edtica espacial en publicaciones nacionales e internacionales.<\/td>\n<\/tr>\n<tr>\n<td colspan=\"2\" width=\"863\">\n<p style=\"text-align: center\"><strong>MODERATOR<\/strong><\/p>\n<\/td>\n<\/tr>\n<tr>\n<td width=\"432\"><img loading=\"lazy\" decoding=\"async\" class=\"wp-image-2730 aligncenter\" src=\"https:\/\/www.ciee.unlp.edu.ar\/wp-content\/uploads\/sites\/47\/2025\/03\/staende_mg_9265-273x300.jpg\" alt=\"\" width=\"241\" height=\"264\" srcset=\"https:\/\/www.ciee.unlp.edu.ar\/wp-content\/uploads\/sites\/47\/2025\/03\/staende_mg_9265-273x300.jpg 273w, https:\/\/www.ciee.unlp.edu.ar\/wp-content\/uploads\/sites\/47\/2025\/03\/staende_mg_9265-932x1024.jpg 932w, https:\/\/www.ciee.unlp.edu.ar\/wp-content\/uploads\/sites\/47\/2025\/03\/staende_mg_9265-768x843.jpg 768w, https:\/\/www.ciee.unlp.edu.ar\/wp-content\/uploads\/sites\/47\/2025\/03\/staende_mg_9265-1399x1536.jpg 1399w, https:\/\/www.ciee.unlp.edu.ar\/wp-content\/uploads\/sites\/47\/2025\/03\/staende_mg_9265-1865x2048.jpg 1865w\" sizes=\"(max-width: 241px) 100vw, 241px\" \/><\/td>\n<td width=\"432\"><strong>Alla POZDNAKOVA<\/strong> es profesora en el Instituto Escandinavo de Derecho Mar\u00edtimo de la Universidad de Oslo. Su investigaci\u00f3n y docencia abarcan el derecho mar\u00edtimo y el derecho del mar, el derecho ambiental, el \u00c1rtico y el derecho de la Uni\u00f3n Europea. Pozdnakova es miembro del International Institute of Space Law, coeditora de la revista Oslo Law Review, miembro del consejo de la International Law Association, cap\u00edtulo Noruega, y del Comit\u00e9 de las \u00c1reas del Norte de la Universidad de Oslo. Particip\u00f3 como miembro del comit\u00e9 de expertos para la elaboraci\u00f3n de la nueva Ley de Actividades Espaciales de Noruega.<br \/>\n<a href=\"https:\/\/orcid.org\/0000-0001-8683-9111\">https:\/\/orcid.org\/0000-0001-8683-9111<\/a><\/td>\n<\/tr>\n<\/tbody>\n<\/table>\n<p>\ud83d\udd39 <b>Sesi\u00f3n de Preguntas y Respuestas<\/b> \u2013 Discusi\u00f3n interactiva con el p\u00fablico<\/p>\n<p><span style=\"font-weight: 400\">\ud83d\udd39 <\/span><b>Palabras de cierre<\/b><\/p>\n<h1><\/h1>\n<h1 id=\"ingles\"><strong>\u00abSo Near, So Far: Space Law Perspectives from Argentina and Norway\u00bb<\/strong><\/h1>\n<h2><strong>-English version-<\/strong><\/h2>\n<p><span style=\"font-weight: 400\">The <\/span><b>Centro Interdisciplinario de Estudios Espaciales (CIEE)<\/b> <span style=\"font-weight: 400\">and the <\/span><b>Faculty of Law of the University of Oslo (UiO)<\/b><span style=\"font-weight: 400\"> are pleased to invite you to <\/span><b><i>\u201cSo Near, So Far: Space Law Perspectives from Argentina and Norway\u201d<\/i><\/b><span style=\"font-weight: 400\"> webinar.<\/span><\/p>\n<p><b>Date:<\/b><span style=\"font-weight: 400\"> Thursday, March 27, 2025<\/span><span style=\"font-weight: 400\"><br \/>\n<\/span><b>Time:<\/b><span style=\"font-weight: 400\"> 11:00 to 12.30 (Buenos Aires, Argentina) \/ 15:00 to 16.30 (Oslo, Noruega)<\/span><span style=\"font-weight: 400\"><br \/>\n<\/span><b>Platform:<\/b><span style=\"font-weight: 400\"> Virtual (link to be provided upon registration)<\/span><span style=\"font-weight: 400\"><br \/>\n<\/span><b>Language:<\/b><span style=\"font-weight: 400\"> English<\/span><span style=\"font-weight: 400\"><br \/>\n<\/span><\/p>\n<p><span style=\"font-weight: 400\">This discussion panel will bring together experts from civil, commercial, and governmental organizations to address the importance of <\/span><b>international cooperation in space exploration<\/b><span style=\"font-weight: 400\">. The conversation will focus on current challenges in space activities and sustainability, as well as the role of norms, rules, and principles in ensuring that outer space remains a peaceful and accessible domain.<\/span><\/p>\n<p><span style=\"font-weight: 400\">This event aims to foster a <\/span><b>bilateral dialogue between Argentina and Norway<\/b><span style=\"font-weight: 400\"> on space-related matters, highlighting similarities and shared interests in their respective space sectors, despite their geographical and economic differences.<\/span><\/p>\n<h3><b>Why Argentina and Norway?<\/b><\/h3>\n<p><span style=\"font-weight: 400\">At first glance, Argentina and Norway may seem unrelated in terms of space activities. However, when analyzed in detail, <\/span><b>they share strategic geographical positions<\/b><span style=\"font-weight: 400\"> that are crucial for Low Earth Orbit (LEO) satellite traffic, making them key players in space operations and sustainability.<\/span><\/p>\n<p><span style=\"font-weight: 400\">Both nations have signed <\/span><b>bilateral cooperation agreements<\/b><span style=\"font-weight: 400\"> and share interests in space law, sustainability, and technological development. <\/span><\/p>\n<p><span style=\"font-weight: 400\">This webinar serves as a <\/span><b>platform for discussing common challenges and opportunities<\/b><span style=\"font-weight: 400\">, paving the way for further academic collaboration, professional exchange, and potential joint research initiatives.<\/span><\/p>\n<p>This event is open and free of charge. Please register<span style=\"color: #ff0000\"><strong> <a style=\"color: #ff0000\" href=\"https:\/\/forms.gle\/A6FkV1k2kFtSoGJ5A\">here<\/a> <\/strong><\/span>to get the link to the webinar and receive more details about the event.<\/p>\n<p><span style=\"font-weight: 400\">\u00a0<\/span><b>Program<\/b><\/p>\n<p><span style=\"font-weight: 400\">\ud83d\udd39 <b>Opening Remarks<\/b> \u2013 Representatives from CIEE and UiO<\/span><\/p>\n<h1><b>Panel 1: Norwegian and Argentine Space Sectors<\/b><\/h1>\n<table>\n<tbody>\n<tr>\n<td width=\"432\"><img loading=\"lazy\" decoding=\"async\" class=\"size-medium wp-image-2720 aligncenter\" src=\"https:\/\/www.ciee.unlp.edu.ar\/wp-content\/uploads\/sites\/47\/2025\/03\/Gunnar-Heloe--209x300.png\" alt=\"\" width=\"209\" height=\"300\" srcset=\"https:\/\/www.ciee.unlp.edu.ar\/wp-content\/uploads\/sites\/47\/2025\/03\/Gunnar-Heloe--209x300.png 209w, https:\/\/www.ciee.unlp.edu.ar\/wp-content\/uploads\/sites\/47\/2025\/03\/Gunnar-Heloe--713x1024.png 713w, https:\/\/www.ciee.unlp.edu.ar\/wp-content\/uploads\/sites\/47\/2025\/03\/Gunnar-Heloe--768x1103.png 768w, https:\/\/www.ciee.unlp.edu.ar\/wp-content\/uploads\/sites\/47\/2025\/03\/Gunnar-Heloe-.png 845w\" sizes=\"(max-width: 209px) 100vw, 209px\" \/><\/td>\n<td width=\"432\"><strong>Gunnar HEL\u00d8E <\/strong>has a long and varied career in the Royal Norwegian Navy. He has sailed as commander and squadron commander of Missile Torpedo Boats (MTBs), and has broad national and international experience. He holds a Master of Science degree from Royal Naval Engineering College, UK, and is also a graduate of the Canadian Forces&#8217; College. From 2001-04, Hel\u00f8e was State Secretary (Deputy Minister) in the Norwegian Ministry of Defence, and he has served in the Ministry in other positions later. Hel\u00f8e was defence attach\u00e9 at the Norwegian embassy in Stockholm 2004-08, and in Moscow from 2015-19. He retired from military service as Commodore (Flotilla Admiral) in 2019. Gunnar started his position as Director of NIFRO in 2021.<\/td>\n<\/tr>\n<tr>\n<td width=\"432\"><img loading=\"lazy\" decoding=\"async\" class=\" wp-image-2718 aligncenter\" src=\"https:\/\/www.ciee.unlp.edu.ar\/wp-content\/uploads\/sites\/47\/2025\/03\/Christoffer-3-1-281x300.jpg\" alt=\"\" width=\"225\" height=\"241\" srcset=\"https:\/\/www.ciee.unlp.edu.ar\/wp-content\/uploads\/sites\/47\/2025\/03\/Christoffer-3-1-281x300.jpg 281w, https:\/\/www.ciee.unlp.edu.ar\/wp-content\/uploads\/sites\/47\/2025\/03\/Christoffer-3-1-960x1024.jpg 960w, https:\/\/www.ciee.unlp.edu.ar\/wp-content\/uploads\/sites\/47\/2025\/03\/Christoffer-3-1-768x820.jpg 768w, https:\/\/www.ciee.unlp.edu.ar\/wp-content\/uploads\/sites\/47\/2025\/03\/Christoffer-3-1-1439x1536.jpg 1439w, https:\/\/www.ciee.unlp.edu.ar\/wp-content\/uploads\/sites\/47\/2025\/03\/Christoffer-3-1-1919x2048.jpg 1919w, https:\/\/www.ciee.unlp.edu.ar\/wp-content\/uploads\/sites\/47\/2025\/03\/Christoffer-3-1.jpg 1922w\" sizes=\"(max-width: 225px) 100vw, 225px\" \/><\/td>\n<td width=\"432\"><strong>Christoffer SKARLE <\/strong>First Secretary and Deputy Chief of Mission of the Royal Norwegian Embassy in Buenos Aires. After graduating as a lawyer from the University of Oslo (2012), he served as legal advisor to the General Staff, deputy prosecutor at the Public Prosecution Service and deputy judge at the Oslo District Court. Between 2015 and 2020 he worked as legal advisor to the Ministry of Justice (Directorate General for Legislative Policy) and the Ministry of Defense (Directorate General for Security Policy). He entered the diplomatic career in 2020. Prior to his current position, he served in the Legal Counsel and the Directorate General for Regional Affairs at the Norwegian Ministry of Foreign Affairs.<\/td>\n<\/tr>\n<tr>\n<td width=\"432\"><img loading=\"lazy\" decoding=\"async\" class=\" wp-image-2724 aligncenter\" src=\"https:\/\/www.ciee.unlp.edu.ar\/wp-content\/uploads\/sites\/47\/2025\/03\/WhatsApp-Image-2025-03-06-at-12.03.16-248x300.jpeg\" alt=\"\" width=\"218\" height=\"264\" srcset=\"https:\/\/www.ciee.unlp.edu.ar\/wp-content\/uploads\/sites\/47\/2025\/03\/WhatsApp-Image-2025-03-06-at-12.03.16-248x300.jpeg 248w, https:\/\/www.ciee.unlp.edu.ar\/wp-content\/uploads\/sites\/47\/2025\/03\/WhatsApp-Image-2025-03-06-at-12.03.16.jpeg 454w\" sizes=\"(max-width: 218px) 100vw, 218px\" \/><\/td>\n<td width=\"432\"><strong>Leonardo COMES PENALVA <\/strong>is an experienced Technology Manager with a strong background in satellite ground segment operations, telecommunications, and space technology infrastructure. He currently leads the Technology Department at CONAE, Argentina&#8217;s space agency, and serves as Vice President of the Board of Directors at VENG, a technology company. With a career spanning from Ground Segment Engineer to technology management, he has worked in satellite operations, RF systems, and ground station implementation. He has played a key role in major projects such as the deployment of satellite ground stations in Tierra del Fuego and upcoming infrastructure in Antarctica and northern Argentina. He has also collaborated with space agencies such as NASA, ESA, ASI, and the Norwegian Space Agency.<\/td>\n<\/tr>\n<tr>\n<td colspan=\"2\" width=\"863\">\n<p style=\"text-align: center\"><strong>MODERATOR<\/strong><\/p>\n<\/td>\n<\/tr>\n<tr>\n<td width=\"432\"><img loading=\"lazy\" decoding=\"async\" class=\" wp-image-2728 aligncenter\" src=\"https:\/\/www.ciee.unlp.edu.ar\/wp-content\/uploads\/sites\/47\/2025\/03\/Vincent-213x300.png\" alt=\"\" width=\"234\" height=\"330\" srcset=\"https:\/\/www.ciee.unlp.edu.ar\/wp-content\/uploads\/sites\/47\/2025\/03\/Vincent-213x300.png 213w, https:\/\/www.ciee.unlp.edu.ar\/wp-content\/uploads\/sites\/47\/2025\/03\/Vincent-728x1024.png 728w, https:\/\/www.ciee.unlp.edu.ar\/wp-content\/uploads\/sites\/47\/2025\/03\/Vincent-768x1080.png 768w, https:\/\/www.ciee.unlp.edu.ar\/wp-content\/uploads\/sites\/47\/2025\/03\/Vincent.png 781w\" sizes=\"(max-width: 234px) 100vw, 234px\" \/><\/td>\n<td width=\"432\"><strong>Vincent SEFFINGA<\/strong> is a researcher at the Department of Philosophy, Classics, and History of Art and Ideas (IFIKK) at the University of Oslo, where he works within the \u2018Dynamic Territory\u2019 project. Vincent\u2019s research focuses on a critical approach to public international law, in particular in the areas of global commons governance, international space law, and law and technology. Prior to his current position, Vincent obtained his Ph.D. from the European University Institute (EUI) in Florence, Italy in 2024. His thesis, titled \u2018(Un)avoidable Tragedy: The Difficulty in Realising Outer Space Governance\u2019, examined the structural issues inhibiting the egalitarian and sustainable governance of outer space. Vincent also worked at the European Space Policy Institute (ESPI), where he co-authored and co-edited (with Annette Froehlich) the books <em>National Space Legislation: A Comparative and Evaluative Analysis <\/em>(Springer 2018) and <em>The United Nations and Space Security: Conflicting Mandates between UNCOPUOS and the CD <\/em>(Springer 2020).<\/td>\n<\/tr>\n<\/tbody>\n<\/table>\n<h1><\/h1>\n<h1><b>Panel 2: Space Law and Policy in Argentina and Norway<\/b><\/h1>\n<table>\n<tbody>\n<tr>\n<td width=\"432\"><img loading=\"lazy\" decoding=\"async\" class=\" wp-image-2734 aligncenter\" src=\"https:\/\/www.ciee.unlp.edu.ar\/wp-content\/uploads\/sites\/47\/2025\/03\/images.jpeg\" alt=\"\" width=\"222\" height=\"166\" \/><\/td>\n<td width=\"432\"><strong>Dag GUSTAFSON <\/strong>has university degrees in history, political science and law from the United States and the UK, and additional studies from Norway and Belgium. He has experience from both the private sector and as a civil servant working with issues related to refugees, shipping, international law, telecommunications, research and innovation policy as well as space. He has participated in forums representing Norway in the UN, EU, EFTA and OECD as well as extensive bilateral cooperation with other countries.<\/td>\n<\/tr>\n<tr>\n<td width=\"432\"><img loading=\"lazy\" decoding=\"async\" class=\"size-medium wp-image-2722 aligncenter\" src=\"https:\/\/www.ciee.unlp.edu.ar\/wp-content\/uploads\/sites\/47\/2025\/03\/Irina-Fodchenko-212x300.jpg\" alt=\"\" width=\"212\" height=\"300\" srcset=\"https:\/\/www.ciee.unlp.edu.ar\/wp-content\/uploads\/sites\/47\/2025\/03\/Irina-Fodchenko-212x300.jpg 212w, https:\/\/www.ciee.unlp.edu.ar\/wp-content\/uploads\/sites\/47\/2025\/03\/Irina-Fodchenko.jpg 352w\" sizes=\"(max-width: 212px) 100vw, 212px\" \/><\/td>\n<td width=\"432\"><strong>Irina FODCHENKO <\/strong>is a dual-qualified industry lawyer at Advokatfirmaet Schj\u00f8dt with extensive experience across multiple legal systems and business cultures. Her principal areas of work include energy law and regulatory compliance advisory, including international sanctions and export control regimes. She holds a PhD from the University of Oslo, where she examined how different national legal cultures shape licensing, safety, and environmental regimes for offshore petroleum operations. Fodchenko is an active contributor to academic research and policy discussions, with a particular focus on comparative law and its implications for cross-border regulatory cooperation.<\/td>\n<\/tr>\n<tr>\n<td width=\"432\"><img loading=\"lazy\" decoding=\"async\" class=\" wp-image-2726 aligncenter\" src=\"https:\/\/www.ciee.unlp.edu.ar\/wp-content\/uploads\/sites\/47\/2025\/03\/Gonzalez-Allonca-286x300.jpg\" alt=\"\" width=\"213\" height=\"223\" srcset=\"https:\/\/www.ciee.unlp.edu.ar\/wp-content\/uploads\/sites\/47\/2025\/03\/Gonzalez-Allonca-286x300.jpg 286w, https:\/\/www.ciee.unlp.edu.ar\/wp-content\/uploads\/sites\/47\/2025\/03\/Gonzalez-Allonca-976x1024.jpg 976w, https:\/\/www.ciee.unlp.edu.ar\/wp-content\/uploads\/sites\/47\/2025\/03\/Gonzalez-Allonca-768x806.jpg 768w, https:\/\/www.ciee.unlp.edu.ar\/wp-content\/uploads\/sites\/47\/2025\/03\/Gonzalez-Allonca-1464x1536.jpg 1464w, https:\/\/www.ciee.unlp.edu.ar\/wp-content\/uploads\/sites\/47\/2025\/03\/Gonzalez-Allonca.jpg 1551w\" sizes=\"(max-width: 213px) 100vw, 213px\" \/><\/td>\n<td width=\"432\"><strong>Juan Cruz GONZ\u00c1LEZ ALLONCA <\/strong>is an attorney specializing in space law, graduated from the University of Buenos Aires (UBA), and holds a master\u2019s degree in systems engineering from the National Technological University (UTN). He is currently the Director of the Interdisciplinary Center for Space Studies (CIEE). He has served as a board member of the National Commission on Space Activities (CONAE) and as Vice President of the company VENG. Additionally, he is a professor and researcher in the Department of Aerospace Engineering at the Faculty of Engineering of the National University of La Plata (UNLP). He is also a TEDx speaker and has contributed to various national and international publications with outreach articles on space law and policy.<\/td>\n<\/tr>\n<tr>\n<td colspan=\"2\" width=\"863\">\n<p style=\"text-align: center\"><strong>MODERATOR<\/strong><\/p>\n<\/td>\n<\/tr>\n<tr>\n<td width=\"432\"><img loading=\"lazy\" decoding=\"async\" class=\"wp-image-2730 aligncenter\" src=\"https:\/\/www.ciee.unlp.edu.ar\/wp-content\/uploads\/sites\/47\/2025\/03\/staende_mg_9265-273x300.jpg\" alt=\"\" width=\"247\" height=\"271\" srcset=\"https:\/\/www.ciee.unlp.edu.ar\/wp-content\/uploads\/sites\/47\/2025\/03\/staende_mg_9265-273x300.jpg 273w, https:\/\/www.ciee.unlp.edu.ar\/wp-content\/uploads\/sites\/47\/2025\/03\/staende_mg_9265-932x1024.jpg 932w, https:\/\/www.ciee.unlp.edu.ar\/wp-content\/uploads\/sites\/47\/2025\/03\/staende_mg_9265-768x843.jpg 768w, https:\/\/www.ciee.unlp.edu.ar\/wp-content\/uploads\/sites\/47\/2025\/03\/staende_mg_9265-1399x1536.jpg 1399w, https:\/\/www.ciee.unlp.edu.ar\/wp-content\/uploads\/sites\/47\/2025\/03\/staende_mg_9265-1865x2048.jpg 1865w\" sizes=\"(max-width: 247px) 100vw, 247px\" \/><\/td>\n<td width=\"432\"><strong>Alla POZDNAKOVA <\/strong>is Professor at the Scandinavian Institute of Maritime Law, University of Oslo. Her research and teaching include maritime law and the law of the sea, environmental law, the Arctic and EU law. Pozdnakova is a member of the International Institute of Space Law, co-editor for Oslo Law Review, a board member of the International Law Association, Norway, and the Northern Areas Committee at the University of Oslo. She served as a member of the expert committee on a new Space Activities Act of Norway.<a href=\"https:\/\/orcid.org\/0000-0001-8683-9111\"> https:\/\/orcid.org\/0000-0001-8683-9111<\/a><\/td>\n<\/tr>\n<\/tbody>\n<\/table>\n<p><span style=\"font-weight: 400\">\ud83d\udd39 <\/span><b>Q&amp;A Session<\/b><span style=\"font-weight: 400\"> \u2013 Interactive discussion with the audience<\/span><\/p>\n<p><span style=\"font-weight: 400\">\ud83d\udd39 <\/span><b>Closing Remarks<\/b><\/p>\n","protected":false},"excerpt":{"rendered":"<p>-English version below- El Centro Interdisciplinario de Estudios Espaciales (CIEE) y la Facultad de Derecho de la Universidad de Oslo (UiO) tienen el agrado de invitarte al webinario: \u201cTan cerca, tan lejos: perspectivas del derecho espacial desde Argentina y Noruega\u201d. Fecha: Jueves 27 de marzo de 2025 Hora: 11:00 a 12.30 (Buenos Aires, Argentina) \/ [&hellip;]<\/p>\n","protected":false},"author":193,"featured_media":2760,"comment_status":"open","ping_status":"open","sticky":false,"template":"","format":"standard","meta":{"footnotes":""},"categories":[1],"tags":[],"class_list":["post-2714","post","type-post","status-publish","format-standard","has-post-thumbnail","hentry","category-sin-categorizar","entry","has-media"],"aioseo_notices":[],"jetpack_featured_media_url":"https:\/\/www.ciee.unlp.edu.ar\/wp-content\/uploads\/sites\/47\/2025\/03\/RECUADRO-WEB-es.png","_links":{"self":[{"href":"https:\/\/www.ciee.unlp.edu.ar\/index.php?rest_route=\/wp\/v2\/posts\/2714","targetHints":{"allow":["GET"]}}],"collection":[{"href":"https:\/\/www.ciee.unlp.edu.ar\/index.php?rest_route=\/wp\/v2\/posts"}],"about":[{"href":"https:\/\/www.ciee.unlp.edu.ar\/index.php?rest_route=\/wp\/v2\/types\/post"}],"author":[{"embeddable":true,"href":"https:\/\/www.ciee.unlp.edu.ar\/index.php?rest_route=\/wp\/v2\/users\/193"}],"replies":[{"embeddable":true,"href":"https:\/\/www.ciee.unlp.edu.ar\/index.php?rest_route=%2Fwp%2Fv2%2Fcomments&post=2714"}],"version-history":[{"count":19,"href":"https:\/\/www.ciee.unlp.edu.ar\/index.php?rest_route=\/wp\/v2\/posts\/2714\/revisions"}],"predecessor-version":[{"id":2774,"href":"https:\/\/www.ciee.unlp.edu.ar\/index.php?rest_route=\/wp\/v2\/posts\/2714\/revisions\/2774"}],"wp:featuredmedia":[{"embeddable":true,"href":"https:\/\/www.ciee.unlp.edu.ar\/index.php?rest_route=\/wp\/v2\/media\/2760"}],"wp:attachment":[{"href":"https:\/\/www.ciee.unlp.edu.ar\/index.php?rest_route=%2Fwp%2Fv2%2Fmedia&parent=2714"}],"wp:term":[{"taxonomy":"category","embeddable":true,"href":"https:\/\/www.ciee.unlp.edu.ar\/index.php?rest_route=%2Fwp%2Fv2%2Fcategories&post=2714"},{"taxonomy":"post_tag","embeddable":true,"href":"https:\/\/www.ciee.unlp.edu.ar\/index.php?rest_route=%2Fwp%2Fv2%2Ftags&post=2714"}],"curies":[{"name":"wp","href":"https:\/\/api.w.org\/{rel}","templated":true}]}}